{"id":702,"date":"2026-03-13T11:16:46","date_gmt":"2026-03-13T10:16:46","guid":{"rendered":"https:\/\/www.zusklapkova.cz\/web2\/?p=702"},"modified":"2026-03-13T11:32:16","modified_gmt":"2026-03-13T10:32:16","slug":"pokyn-reditele-kterym-se-provadi-realizace-opatreni-ke-zmirneni-dopadu-inflace-pro-skolni-rok-2025-2026","status":"publish","type":"post","link":"https:\/\/www.zusklapkova.cz\/web2\/pokyn-reditele-kterym-se-provadi-realizace-opatreni-ke-zmirneni-dopadu-inflace-pro-skolni-rok-2025-2026\/","title":{"rendered":"Pokyn \u0159editele, kter\u00fdm se prov\u00e1d\u00ed realizace Opat\u0159en\u00ed ke zm\u00edrn\u011bn\u00ed dopad\u016f inflace pro \u0161koln\u00ed rok 2025\/2026"},"content":{"rendered":"\n<p>\u0158editel Z\u00e1kladn\u00ed um\u011bleck\u00e9 \u0161koly, Praha 8, Klapkova 25, d\u00e1le jen \u201eZU\u0160\u201c vyd\u00e1v\u00e1 na z\u00e1klad\u011b usnesen\u00ed Zastupitelstva hlavn\u00edho m\u011bsta Prahy \u010d. 38\/5 ze dne 16. 6. 2022, kter\u00fdm se stanovuj\u00ed Opat\u0159en\u00ed ke zm\u00edrn\u011bn\u00ed dopad\u016f inflace na dom\u00e1cnosti v Praze pro roky 2022\u20132023 a usnesen\u00ed Zastupitelstva hlavn\u00edho m\u011bsta Prahy \u010d. \u010d. 16\/54 ze dne 12. 9. 2025, d\u00e1le jen \u201eOpat\u0159en\u00ed\u201c tento pokyn: Zn\u011bn\u00ed pokynu a formul\u00e1\u0159 \u017e\u00e1dosti jsou uvedeny v p\u0159\u00edloze.<\/p>\n\n\n\n<!--more-->\n\n\n\n<div data-wp-interactive=\"core\/file\" class=\"wp-block-file\"><object data-wp-bind--hidden=\"!state.hasPdfPreview\" hidden class=\"wp-block-file__embed\" data=\"https:\/\/www.zusklapkova.cz\/web2\/wp-content\/uploads\/2026\/03\/pokyn_rditele_dopady_inflace_2526.pdf\" type=\"application\/pdf\" style=\"width:100%;height:600px\" aria-label=\"Vlo\u017eit z Pokyn \u0159editele, kter\u00fdm se prov\u00e1d\u00ed realizace Opat\u0159en\u00ed ke zm\u00edrn\u011bn\u00ed dopad\u016f inflace na dom\u00e1cnosti v Praze pro roky 2025\u20132026.\"><\/object><a id=\"wp-block-file--media-424d7532-8568-4bc2-b7c6-21f079b881f5\" href=\"https:\/\/www.zusklapkova.cz\/web2\/wp-content\/uploads\/2026\/03\/pokyn_rditele_dopady_inflace_2526.pdf\">Pokyn \u0159editele, kter\u00fdm se prov\u00e1d\u00ed realizace Opat\u0159en\u00ed ke zm\u00edrn\u011bn\u00ed dopad\u016f inflace na dom\u00e1cnosti v Praze pro roky 2025\u20132026<\/a><a href=\"https:\/\/www.zusklapkova.cz\/web2\/wp-content\/uploads\/2026\/03\/pokyn_rditele_dopady_inflace_2526.pdf\" class=\"wp-block-file__button wp-element-button\" download aria-describedby=\"wp-block-file--media-424d7532-8568-4bc2-b7c6-21f079b881f5\">St\u00e1hnout<\/a><\/div>\n\n\n\n<p>&nbsp;&nbsp;&nbsp;&nbsp;&nbsp;&nbsp;&nbsp;&nbsp;&nbsp;&nbsp;&nbsp;&nbsp;&nbsp;&nbsp;&nbsp;&nbsp;&nbsp;&nbsp;&nbsp;&nbsp;&nbsp;&nbsp;&nbsp;&nbsp;&nbsp;&nbsp;&nbsp;&nbsp;&nbsp;&nbsp;&nbsp;&nbsp;&nbsp;&nbsp;&nbsp;&nbsp;&nbsp;&nbsp;&nbsp;&nbsp;&nbsp;&nbsp;&nbsp;&nbsp;&nbsp;&nbsp;&nbsp;&nbsp;&nbsp;&nbsp;&nbsp;&nbsp;&nbsp;&nbsp;&nbsp;&nbsp;&nbsp;&nbsp;&nbsp;&nbsp;&nbsp;&nbsp;&nbsp;&nbsp;&nbsp;&nbsp;&nbsp;&nbsp;&nbsp;&nbsp;&nbsp;&nbsp;&nbsp;&nbsp;&nbsp;&nbsp;&nbsp;&nbsp;&nbsp;&nbsp;&nbsp;&nbsp;&nbsp;&nbsp;&nbsp;&nbsp;&nbsp;&nbsp;&nbsp;&nbsp;&nbsp;&nbsp;&nbsp;&nbsp;&nbsp;&nbsp;&nbsp;&nbsp;&nbsp;&nbsp;&nbsp;&nbsp;&nbsp;&nbsp;&nbsp;&nbsp;&nbsp;&nbsp;&nbsp;&nbsp;&nbsp;&nbsp;&nbsp;&nbsp;&nbsp;&nbsp;&nbsp;<\/p>\n\n\n\n<div data-wp-interactive=\"core\/file\" class=\"wp-block-file\"><object data-wp-bind--hidden=\"!state.hasPdfPreview\" hidden class=\"wp-block-file__embed\" data=\"https:\/\/www.zusklapkova.cz\/web2\/wp-content\/uploads\/2026\/03\/priloha_1_2526.pdf\" type=\"application\/pdf\" style=\"width:100%;height:600px\" aria-label=\"Vlo\u017eit z P\u0159\u00edloha \u010d. 1 k pokynu \u0159editele.\"><\/object><a id=\"wp-block-file--media-9f262797-8432-45d5-badd-efebc79f20c8\" href=\"https:\/\/www.zusklapkova.cz\/web2\/wp-content\/uploads\/2026\/03\/priloha_1_2526.pdf\">P\u0159\u00edloha \u010d. 1 k pokynu \u0159editele<\/a><a href=\"https:\/\/www.zusklapkova.cz\/web2\/wp-content\/uploads\/2026\/03\/priloha_1_2526.pdf\" class=\"wp-block-file__button wp-element-button\" download aria-describedby=\"wp-block-file--media-9f262797-8432-45d5-badd-efebc79f20c8\">St\u00e1hnout<\/a><\/div>\n","protected":false},"excerpt":{"rendered":"<p>\u0158editel Z\u00e1kladn\u00ed um\u011bleck\u00e9 \u0161koly, Praha 8, Klapkova 25, d\u00e1le jen \u201eZU\u0160\u201c vyd\u00e1v\u00e1 na z\u00e1klad\u011b usnesen\u00ed Zastupitelstva hlavn\u00edho m\u011bsta Prahy \u010d. 38\/5 ze dne 16. 6. 2022, kter\u00fdm se stanovuj\u00ed Opat\u0159en\u00ed ke zm\u00edrn\u011bn\u00ed dopad\u016f inflace na dom\u00e1cnosti v Praze pro roky 2022\u20132023 a usnesen\u00ed Zastupitelstva hlavn\u00edho m\u011bsta Prahy \u010d. \u010d. 16\/54 ze dne 12. 9. 2025, &hellip; <a href=\"https:\/\/www.zusklapkova.cz\/web2\/pokyn-reditele-kterym-se-provadi-realizace-opatreni-ke-zmirneni-dopadu-inflace-pro-skolni-rok-2025-2026\/\" class=\"more-link\">Pokra\u010dov\u00e1n\u00ed textu <span class=\"screen-reader-text\">Pokyn \u0159editele, kter\u00fdm se prov\u00e1d\u00ed realizace Opat\u0159en\u00ed ke zm\u00edrn\u011bn\u00ed dopad\u016f inflace pro \u0161koln\u00ed rok 2025\/2026<\/span> <span class=\"meta-nav\">&rarr;<\/span><\/a><\/p>\n","protected":false},"author":1,"featured_media":0,"comment_status":"closed","ping_status":"closed","sticky":false,"template":"","format":"standard","meta":{"footnotes":""},"categories":[24,9],"tags":[],"class_list":["post-702","post","type-post","status-publish","format-standard","hentry","category-aktuality","category-formulare"],"_links":{"self":[{"href":"https:\/\/www.zusklapkova.cz\/web2\/wp-json\/wp\/v2\/posts\/702","targetHints":{"allow":["GET"]}}],"collection":[{"href":"https:\/\/www.zusklapkova.cz\/web2\/wp-json\/wp\/v2\/posts"}],"about":[{"href":"https:\/\/www.zusklapkova.cz\/web2\/wp-json\/wp\/v2\/types\/post"}],"author":[{"embeddable":true,"href":"https:\/\/www.zusklapkova.cz\/web2\/wp-json\/wp\/v2\/users\/1"}],"replies":[{"embeddable":true,"href":"https:\/\/www.zusklapkova.cz\/web2\/wp-json\/wp\/v2\/comments?post=702"}],"version-history":[{"count":2,"href":"https:\/\/www.zusklapkova.cz\/web2\/wp-json\/wp\/v2\/posts\/702\/revisions"}],"predecessor-version":[{"id":707,"href":"https:\/\/www.zusklapkova.cz\/web2\/wp-json\/wp\/v2\/posts\/702\/revisions\/707"}],"wp:attachment":[{"href":"https:\/\/www.zusklapkova.cz\/web2\/wp-json\/wp\/v2\/media?parent=702"}],"wp:term":[{"taxonomy":"category","embeddable":true,"href":"https:\/\/www.zusklapkova.cz\/web2\/wp-json\/wp\/v2\/categories?post=702"},{"taxonomy":"post_tag","embeddable":true,"href":"https:\/\/www.zusklapkova.cz\/web2\/wp-json\/wp\/v2\/tags?post=702"}],"curies":[{"name":"wp","href":"https:\/\/api.w.org\/{rel}","templated":true}]}}